{"id":24272,"date":"2022-07-19T16:57:00","date_gmt":"2022-07-19T14:57:00","guid":{"rendered":"http:\/\/debrad.sk\/2022\/07\/19\/volby-do-organov-samospravy-obci-a-volby-do-organov-samospravnych-krajov-2022\/"},"modified":"2022-11-08T15:40:51","modified_gmt":"2022-11-08T14:40:51","slug":"volby-do-organov-samospravy-obci-a-volby-do-organov-samospravnych-krajov-2022","status":"publish","type":"post","link":"https:\/\/debrad.sk\/en\/2022\/07\/19\/volby-do-organov-samospravy-obci-a-volby-do-organov-samospravnych-krajov-2022\/","title":{"rendered":"Vo\u013eby do org\u00e1nov samospr\u00e1vy obc\u00ed a vo\u013eby do org\u00e1nov samospr\u00e1vnych krajov 2022"},"content":{"rendered":"<p>Vo\u013eby samospr\u00e1va_SK:<p class=\"gde-text\"><a href=\"http:\/\/s3-eu-central-1.amazonaws.com\/wp-debrad\/wp-content\/uploads\/2022\/07\/06194053\/Vo%C4%BEby-samospr%C3%A1va_SK.pdf\" class=\"gde-link\">Download (PDF, 137KB)<\/a><\/p>\n<iframe src=\"\/\/docs.google.com\/viewer?url=http%3A%2F%2Fs3-eu-central-1.amazonaws.com%2Fwp-debrad%2Fwp-content%2Fuploads%2F2022%2F07%2F06194053%2FVo%25C4%25BEby-samospr%25C3%25A1va_SK.pdf&hl=hu&embedded=true\" class=\"gde-frame\" style=\"width:100%; height:600px; border: none;\" scrolling=\"no\"><\/iframe><\/p>\n<p>Vo\u013eby samospr\u00e1va_HU: <p class=\"gde-text\"><a href=\"http:\/\/s3-eu-central-1.amazonaws.com\/wp-debrad\/wp-content\/uploads\/2022\/07\/06194052\/Vo%C4%BEby-samospr%C3%A1va_HU.pdf\" class=\"gde-link\">Download (PDF, 136KB)<\/a><\/p>\n<iframe src=\"\/\/docs.google.com\/viewer?url=http%3A%2F%2Fs3-eu-central-1.amazonaws.com%2Fwp-debrad%2Fwp-content%2Fuploads%2F2022%2F07%2F06194052%2FVo%25C4%25BEby-samospr%25C3%25A1va_HU.pdf&hl=hu&embedded=true\" class=\"gde-frame\" style=\"width:100%; height:600px; border: none;\" scrolling=\"no\"><\/iframe><\/p>\n<p>Vo\u013eby VUC_SK: <p class=\"gde-text\"><a href=\"http:\/\/s3-eu-central-1.amazonaws.com\/wp-debrad\/wp-content\/uploads\/2022\/07\/06194053\/Vo%C4%BEby-VUC_SK.pdf\" class=\"gde-link\">Download (PDF, 137KB)<\/a><\/p>\n<iframe src=\"\/\/docs.google.com\/viewer?url=http%3A%2F%2Fs3-eu-central-1.amazonaws.com%2Fwp-debrad%2Fwp-content%2Fuploads%2F2022%2F07%2F06194053%2FVo%25C4%25BEby-VUC_SK.pdf&hl=hu&embedded=true\" class=\"gde-frame\" style=\"width:100%; height:600px; border: none;\" scrolling=\"no\"><\/iframe><\/p>\n<p>Vo\u013eby VUC_HU: <p class=\"gde-text\"><a href=\"http:\/\/s3-eu-central-1.amazonaws.com\/wp-debrad\/wp-content\/uploads\/2022\/07\/06194053\/Vo%C4%BEby-VUC_HU__.pdf\" class=\"gde-link\">Download (PDF, 136KB)<\/a><\/p>\n<iframe src=\"\/\/docs.google.com\/viewer?url=http%3A%2F%2Fs3-eu-central-1.amazonaws.com%2Fwp-debrad%2Fwp-content%2Fuploads%2F2022%2F07%2F06194053%2FVo%25C4%25BEby-VUC_HU__.pdf&hl=hu&embedded=true\" class=\"gde-frame\" style=\"width:100%; height:600px; border: none;\" scrolling=\"no\"><\/iframe><\/p>\n<p>Minim\u00e1lny po\u010det podpisov voli\u010dov podporuj\u00facich kandidat\u00faru nez\u00e1visl\u00e9ho kandid\u00e1ta: <p class=\"gde-text\"><a href=\"http:\/\/s3-eu-central-1.amazonaws.com\/wp-debrad\/wp-content\/uploads\/2022\/07\/06194052\/Min.po%C4%8Det-podpisov-2022-07-18-081407-Minim__lny_po__et_podpisov.pdf\" class=\"gde-link\">Download (PDF, 139KB)<\/a><\/p>\n<iframe src=\"\/\/docs.google.com\/viewer?url=http%3A%2F%2Fs3-eu-central-1.amazonaws.com%2Fwp-debrad%2Fwp-content%2Fuploads%2F2022%2F07%2F06194052%2FMin.po%25C4%258Det-podpisov-2022-07-18-081407-Minim__lny_po__et_podpisov.pdf&hl=hu&embedded=true\" class=\"gde-frame\" style=\"width:100%; height:600px; border: none;\" scrolling=\"no\"><\/iframe><\/p>\n<p>OZN\u00c1MENIE o\u00a0ur\u010den\u00ed po\u010dtu poslancov a\u00a0o utvoren\u00ed volebn\u00e9ho obvodupre vo\u013eby do org\u00e1nov samospr\u00e1vy obc\u00ed:\u00a0<p class=\"gde-text\"><a href=\"http:\/\/s3-eu-central-1.amazonaws.com\/wp-debrad\/wp-content\/uploads\/2022\/07\/06194052\/Komun.vo%C4%BEby-Ozn%C3%A1menie-o-po%C4%8Dtu-poslancov.pdf\" class=\"gde-link\">Download (PDF, 187KB)<\/a><\/p>\n<iframe src=\"\/\/docs.google.com\/viewer?url=http%3A%2F%2Fs3-eu-central-1.amazonaws.com%2Fwp-debrad%2Fwp-content%2Fuploads%2F2022%2F07%2F06194052%2FKomun.vo%25C4%25BEby-Ozn%25C3%25A1menie-o-po%25C4%258Dtu-poslancov.pdf&hl=hu&embedded=true\" class=\"gde-frame\" style=\"width:100%; height:600px; border: none;\" scrolling=\"no\"><\/iframe><\/p>\n<p>OZN\u00c1MENIE O rozsahu v\u00fdkonu starostu pre vo\u013eby do org\u00e1nov samospr\u00e1vy obc\u00ed: <p class=\"gde-text\"><a href=\"http:\/\/s3-eu-central-1.amazonaws.com\/wp-debrad\/wp-content\/uploads\/2022\/07\/06194051\/Ozn%C3%A1menie-o-rozsahu-v%C3%BDkonu-starostu.pdf\" class=\"gde-link\">Download (PDF, 188KB)<\/a><\/p>\n<iframe src=\"\/\/docs.google.com\/viewer?url=http%3A%2F%2Fs3-eu-central-1.amazonaws.com%2Fwp-debrad%2Fwp-content%2Fuploads%2F2022%2F07%2F06194051%2FOzn%25C3%25A1menie-o-rozsahu-v%25C3%25BDkonu-starostu.pdf&hl=hu&embedded=true\" class=\"gde-frame\" style=\"width:100%; height:600px; border: none;\" scrolling=\"no\"><\/iframe><\/p>\n<p>Ozn\u00e1menie o vymenovan\u00ed zapisovate\u013ea miestnej volebnej komisie v obci Debra\u010f: <p class=\"gde-text\"><a href=\"http:\/\/s3-eu-central-1.amazonaws.com\/wp-debrad\/wp-content\/uploads\/2022\/07\/06194051\/Ozn%C3%A1menie-o-vymenovan%C3%AD-zapisovate%C4%BEa.pdf\" class=\"gde-link\">Download (PDF, 198KB)<\/a><\/p>\n<iframe src=\"\/\/docs.google.com\/viewer?url=http%3A%2F%2Fs3-eu-central-1.amazonaws.com%2Fwp-debrad%2Fwp-content%2Fuploads%2F2022%2F07%2F06194051%2FOzn%25C3%25A1menie-o-vymenovan%25C3%25AD-zapisovate%25C4%25BEa.pdf&hl=hu&embedded=true\" class=\"gde-frame\" style=\"width:100%; height:600px; border: none;\" scrolling=\"no\"><\/iframe><\/p>\n<p>OZN\u00c1MENIE o ur\u010den\u00ed po\u010dtu obyvate\u013eov pre vo\u013eby do org\u00e1nov samospr\u00e1vy obc\u00ed: <p class=\"gde-text\"><a href=\"https:\/\/s3-eu-central-1.amazonaws.com\/wp-debrad\/wp-content\/uploads\/2022\/07\/06194050\/Oznamenie-o-pocte-obyvatelov-215234.pdf\" class=\"gde-link\">Download (PDF, 264KB)<\/a><\/p>\n<iframe src=\"\/\/docs.google.com\/viewer?url=https%3A%2F%2Fs3-eu-central-1.amazonaws.com%2Fwp-debrad%2Fwp-content%2Fuploads%2F2022%2F07%2F06194050%2FOznamenie-o-pocte-obyvatelov-215234.pdf&hl=hu&embedded=true\" class=\"gde-frame\" style=\"width:100%; height:600px; border: none;\" scrolling=\"no\"><\/iframe><\/p>\n<p>ZOZNAM ZAREGISTROVAN\u00ddCH KANDID\u00c1TOV pre vo\u013eby starostu obce Debra\u010f <p class=\"gde-text\"><a href=\"https:\/\/s3-eu-central-1.amazonaws.com\/wp-debrad\/wp-content\/uploads\/2022\/09\/20194933\/Zoznam-zareg.kand_.-starostu-OSO22_V512a.pdf\" class=\"gde-link\">Download (PDF, 194KB)<\/a><\/p>\n<iframe src=\"\/\/docs.google.com\/viewer?url=https%3A%2F%2Fs3-eu-central-1.amazonaws.com%2Fwp-debrad%2Fwp-content%2Fuploads%2F2022%2F09%2F20194933%2FZoznam-zareg.kand_.-starostu-OSO22_V512a.pdf&hl=hu&embedded=true\" class=\"gde-frame\" style=\"width:100%; height:600px; border: none;\" scrolling=\"no\"><\/iframe><\/p>\n<p>ZOZNAM ZAREGISTROVAN\u00ddCH KANDID\u00c1TOV pre vo\u013eby do Obecn\u00e9ho\u00a0 zastupite\u013estva v Debradi\u00a0<p class=\"gde-text\"><a href=\"https:\/\/s3-eu-central-1.amazonaws.com\/wp-debrad\/wp-content\/uploads\/2022\/07\/20195716\/Final_zoznam-zaregistrovanych-kandidatov-pre-volby-do-obecneho-zastupistupitelstva-OSO22_V512.pdf\" class=\"gde-link\">Download (PDF, 200KB)<\/a><\/p>\n<iframe src=\"\/\/docs.google.com\/viewer?url=https%3A%2F%2Fs3-eu-central-1.amazonaws.com%2Fwp-debrad%2Fwp-content%2Fuploads%2F2022%2F07%2F20195716%2FFinal_zoznam-zaregistrovanych-kandidatov-pre-volby-do-obecneho-zastupistupitelstva-OSO22_V512.pdf&hl=hu&embedded=true\" class=\"gde-frame\" style=\"width:100%; height:600px; border: none;\" scrolling=\"no\"><\/iframe><\/p>\n<p>ZOZNAM ZAREGISTROVAN\u00ddCH KANDID\u00c1TOV pre vo\u013eby predsedu Ko\u0161ick\u00e9ho samospr\u00e1vneho kraja <p class=\"gde-text\"><a href=\"https:\/\/s3-eu-central-1.amazonaws.com\/wp-debrad\/wp-content\/uploads\/2022\/07\/22161727\/Zoznam-zaregistovanych-kandidatovatov-pre-volby-predsedu-KSK-20222022-09-29-111500-00_-_ZOZNAM_Kandid__ti_predseda_KSK__1_.pdf\" class=\"gde-link\">Download (PDF, 108KB)<\/a><\/p>\n<iframe src=\"\/\/docs.google.com\/viewer?url=https%3A%2F%2Fs3-eu-central-1.amazonaws.com%2Fwp-debrad%2Fwp-content%2Fuploads%2F2022%2F07%2F22161727%2FZoznam-zaregistovanych-kandidatovatov-pre-volby-predsedu-KSK-20222022-09-29-111500-00_-_ZOZNAM_Kandid__ti_predseda_KSK__1_.pdf&hl=hu&embedded=true\" class=\"gde-frame\" style=\"width:100%; height:600px; border: none;\" scrolling=\"no\"><\/iframe><\/p>\n<p>ZOZNAM ZAREGISTROVAN\u00ddCH KANDID\u00c1TOV pre vo\u013eby do zastupite\u013estva Ko\u0161ick\u00e9ho samospr\u00e1vneho kraja pod\u013ea volebn\u00fdch obvodov <p class=\"gde-text\"><a href=\"https:\/\/s3-eu-central-1.amazonaws.com\/wp-debrad\/wp-content\/uploads\/2022\/07\/22161829\/Zoznam-zaregistrovanych-kandidatov-pre-volby-do-zastupitelstva-KSK-2022-.pdf\" class=\"gde-link\">Download (PDF, 130KB)<\/a><\/p>\n<iframe src=\"\/\/docs.google.com\/viewer?url=https%3A%2F%2Fs3-eu-central-1.amazonaws.com%2Fwp-debrad%2Fwp-content%2Fuploads%2F2022%2F07%2F22161829%2FZoznam-zaregistrovanych-kandidatov-pre-volby-do-zastupitelstva-KSK-2022-.pdf&hl=hu&embedded=true\" class=\"gde-frame\" style=\"width:100%; height:600px; border: none;\" scrolling=\"no\"><\/iframe><\/p>\n<p>Vo\u013eby samospr\u00e1va &#8211; Spojen\u00e9 vo\u013eby \u2013 \u0161peci\u00e1lny sp\u00f4sob hlasovania voli\u010dov v izol\u00e1cii alebo karant\u00e9na z d\u00f4vodu COVID-19 <p class=\"gde-text\"><a href=\"https:\/\/s3-eu-central-1.amazonaws.com\/wp-debrad\/wp-content\/uploads\/2022\/07\/24151128\/Specialny-sposob-hlasovania-zverejnenie-Obec-Debrad.pdf\" class=\"gde-link\">Download (PDF, 112KB)<\/a><\/p>\n<iframe src=\"\/\/docs.google.com\/viewer?url=https%3A%2F%2Fs3-eu-central-1.amazonaws.com%2Fwp-debrad%2Fwp-content%2Fuploads%2F2022%2F07%2F24151128%2FSpecialny-sposob-hlasovania-zverejnenie-Obec-Debrad.pdf&hl=hu&embedded=true\" class=\"gde-frame\" style=\"width:100%; height:600px; border: none;\" scrolling=\"no\"><\/iframe><\/p>\n<p>Vo\u013eby VUC &#8211; Spojen\u00e9 vo\u013eby \u2013 \u0161peci\u00e1lny sp\u00f4sob hlasovania voli\u010dov v izol\u00e1cii alebo karant\u00e9na z d\u00f4vodu COVID-19 <p class=\"gde-text\"><a href=\"https:\/\/s3-eu-central-1.amazonaws.com\/wp-debrad\/wp-content\/uploads\/2022\/07\/24151151\/Specialne-volby-VUC-zverejnenie.pdf\" class=\"gde-link\">Download (PDF, 93KB)<\/a><\/p>\n<iframe src=\"\/\/docs.google.com\/viewer?url=https%3A%2F%2Fs3-eu-central-1.amazonaws.com%2Fwp-debrad%2Fwp-content%2Fuploads%2F2022%2F07%2F24151151%2FSpecialne-volby-VUC-zverejnenie.pdf&hl=hu&embedded=true\" class=\"gde-frame\" style=\"width:100%; height:600px; border: none;\" scrolling=\"no\"><\/iframe><\/p>\n<p>V\u00ddSLEDKY SPOJEN\u00ddCH REGION\u00c1LNYCH VOLIEB 29.10.2022 <p class=\"gde-text\"><a href=\"https:\/\/s3-eu-central-1.amazonaws.com\/wp-debrad\/wp-content\/uploads\/2022\/07\/08154036\/VYSLEDKY-SPOJENYCH-REGIONALNYCH-VOLIEB-DEBRAD-29581.pdf\" class=\"gde-link\">Download (PDF, 106KB)<\/a><\/p>\n<iframe src=\"\/\/docs.google.com\/viewer?url=https%3A%2F%2Fs3-eu-central-1.amazonaws.com%2Fwp-debrad%2Fwp-content%2Fuploads%2F2022%2F07%2F08154036%2FVYSLEDKY-SPOJENYCH-REGIONALNYCH-VOLIEB-DEBRAD-29581.pdf&hl=hu&embedded=true\" class=\"gde-frame\" style=\"width:100%; height:600px; border: none;\" scrolling=\"no\"><\/iframe><\/p>\n","protected":false},"excerpt":{"rendered":"<p>Vo\u013eby samospr\u00e1va_SK: Vo\u013eby samospr\u00e1va_HU: Vo\u013eby VUC_SK: Vo\u013eby VUC_HU: Minim\u00e1lny po\u010det podpisov voli\u010dov podporuj\u00facich kandidat\u00faru nez\u00e1visl\u00e9ho kandid\u00e1ta: OZN\u00c1MENIE o\u00a0ur\u010den\u00ed po\u010dtu poslancov a\u00a0o utvoren\u00ed volebn\u00e9ho obvodupre vo\u013eby do org\u00e1nov samospr\u00e1vy obc\u00ed:\u00a0 OZN\u00c1MENIE O rozsahu v\u00fdkonu starostu pre vo\u013eby do org\u00e1nov samospr\u00e1vy obc\u00ed: Ozn\u00e1menie o vymenovan\u00ed zapisovate\u013ea miestnej volebnej komisie v obci Debra\u010f: OZN\u00c1MENIE o ur\u010den\u00ed po\u010dtu obyvate\u013eov pre vo\u013eby do org\u00e1nov samospr\u00e1vy obc\u00ed: ZOZNAM ZAREGISTROVAN\u00ddCH KANDID\u00c1TOV pre vo\u013eby starostu obce Debra\u010f ZOZNAM ZAREGISTROVAN\u00ddCH KANDID\u00c1TOV pre vo\u013eby do Obecn\u00e9ho\u00a0 zastupite\u013estva v Debradi\u00a0 ZOZNAM ZAREGISTROVAN\u00ddCH KANDID\u00c1TOV pre vo\u013eby predsedu Ko\u0161ick\u00e9ho samospr\u00e1vneho kraja ZOZNAM ZAREGISTROVAN\u00ddCH KANDID\u00c1TOV pre vo\u013eby do zastupite\u013estva Ko\u0161ick\u00e9ho samospr\u00e1vneho kraja pod\u013ea volebn\u00fdch obvodov Vo\u013eby samospr\u00e1va &#8211; Spojen\u00e9 vo\u013eby \u2013 \u0161peci\u00e1lny sp\u00f4sob hlasovania voli\u010dov v izol\u00e1cii alebo karant\u00e9na z d\u00f4vodu COVID-19 Vo\u013eby VUC &#8211; Spojen\u00e9 vo\u013eby \u2013 \u0161peci\u00e1lny sp\u00f4sob hlasovania voli\u010dov v izol\u00e1cii alebo karant\u00e9na z d\u00f4vodu COVID-19 V\u00ddSLEDKY SPOJEN\u00ddCH REGION\u00c1LNYCH VOLIEB 29.10.2022<\/p>\n","protected":false},"author":294,"featured_media":24269,"comment_status":"open","ping_status":"open","sticky":false,"template":"","format":"standard","meta":{"footnotes":""},"categories":[3,84,70],"tags":[],"acf":[],"_links":{"self":[{"href":"https:\/\/debrad.sk\/en\/wp-json\/wp\/v2\/posts\/24272"}],"collection":[{"href":"https:\/\/debrad.sk\/en\/wp-json\/wp\/v2\/posts"}],"about":[{"href":"https:\/\/debrad.sk\/en\/wp-json\/wp\/v2\/types\/post"}],"author":[{"embeddable":true,"href":"https:\/\/debrad.sk\/en\/wp-json\/wp\/v2\/users\/294"}],"replies":[{"embeddable":true,"href":"https:\/\/debrad.sk\/en\/wp-json\/wp\/v2\/comments?post=24272"}],"version-history":[{"count":6,"href":"https:\/\/debrad.sk\/en\/wp-json\/wp\/v2\/posts\/24272\/revisions"}],"predecessor-version":[{"id":24327,"href":"https:\/\/debrad.sk\/en\/wp-json\/wp\/v2\/posts\/24272\/revisions\/24327"}],"wp:featuredmedia":[{"embeddable":true,"href":"https:\/\/debrad.sk\/en\/wp-json\/wp\/v2\/media\/24269"}],"wp:attachment":[{"href":"https:\/\/debrad.sk\/en\/wp-json\/wp\/v2\/media?parent=24272"}],"wp:term":[{"taxonomy":"category","embeddable":true,"href":"https:\/\/debrad.sk\/en\/wp-json\/wp\/v2\/categories?post=24272"},{"taxonomy":"post_tag","embeddable":true,"href":"https:\/\/debrad.sk\/en\/wp-json\/wp\/v2\/tags?post=24272"}],"curies":[{"name":"wp","href":"https:\/\/api.w.org\/{rel}","templated":true}]}}