{"id":25045,"date":"2024-02-28T11:09:47","date_gmt":"2024-02-28T10:09:47","guid":{"rendered":"https:\/\/debrad.sk\/2024\/02\/28\/volby-do-europskeho-parlamentu-2024-europai-parlamenti-valasztasok-2024\/"},"modified":"2024-06-12T22:00:29","modified_gmt":"2024-06-12T20:00:29","slug":"volby-do-europskeho-parlamentu-2024-europai-parlamenti-valasztasok-2024","status":"publish","type":"post","link":"https:\/\/debrad.sk\/en\/2024\/02\/28\/volby-do-europskeho-parlamentu-2024-europai-parlamenti-valasztasok-2024\/","title":{"rendered":"Vo\u013eby do Eur\u00f3pskeho parlamentu 2024"},"content":{"rendered":"<p align=\"center\">Predseda N\u00e1rodnej rady Slovenskej republiky rozhodnut\u00edm \u010d. 12\/2024 Z. z. vyhl\u00e1sil<br \/>\n<strong>vo\u013eby do Eur\u00f3pskeho parlamentu<br \/>\n<\/strong>a ur\u010dil de\u0148 ich konania<\/p>\n<p align=\"center\">na\u00a0<strong>sobotu 8. j\u00fana 2024<br \/>\n<\/strong><\/p>\n<p align=\"center\">vo\u013eby sa konaj\u00fa od 07.00 h do 22.00 h<\/p>\n<p>Vyhl\u00e1sen\u00ed volieb do Eur\u00f3pskeho parlamentu:<\/p>\n<p class=\"gde-text\"><a href=\"https:\/\/s3-eu-central-1.amazonaws.com\/wp-debrad\/wp-content\/uploads\/2024\/02\/20095239\/rozhodnutie-EU.pdf\" class=\"gde-link\">Download (PDF, 187KB)<\/a><\/p>\n<iframe src=\"\/\/docs.google.com\/viewer?url=https%3A%2F%2Fs3-eu-central-1.amazonaws.com%2Fwp-debrad%2Fwp-content%2Fuploads%2F2024%2F02%2F20095239%2Frozhodnutie-EU.pdf&hl=hu&embedded=true\" class=\"gde-frame\" style=\"width:100%; height:600px; border: none;\" scrolling=\"no\"><\/iframe>\n<p>Utvorenie volebn\u00fdch okrskov a ur\u010denie volebn\u00fdch miestnost\u00edv obci DEBRA\u010e:<\/p>\n<p class=\"gde-text\"><a href=\"https:\/\/s3-eu-central-1.amazonaws.com\/wp-debrad\/wp-content\/uploads\/2024\/02\/20095035\/utvorenie-volebnych-okrskov-a-urcenie-volebnych-miestnosti.pdf\" class=\"gde-link\">Download (PDF, 111KB)<\/a><\/p>\n<iframe src=\"\/\/docs.google.com\/viewer?url=https%3A%2F%2Fs3-eu-central-1.amazonaws.com%2Fwp-debrad%2Fwp-content%2Fuploads%2F2024%2F02%2F20095035%2Futvorenie-volebnych-okrskov-a-urcenie-volebnych-miestnosti.pdf&hl=hu&embedded=true\" class=\"gde-frame\" style=\"width:100%; height:600px; border: none;\" scrolling=\"no\"><\/iframe>\n<p>Vymenovac\u00ed dekr\u00e9t:<\/p>\n<p class=\"gde-text\"><a href=\"https:\/\/s3-eu-central-1.amazonaws.com\/wp-debrad\/wp-content\/uploads\/2024\/02\/20095320\/vymenovaci-dekret-zapisovatela.pdf\" class=\"gde-link\">Download (PDF, 94KB)<\/a><\/p>\n<iframe src=\"\/\/docs.google.com\/viewer?url=https%3A%2F%2Fs3-eu-central-1.amazonaws.com%2Fwp-debrad%2Fwp-content%2Fuploads%2F2024%2F02%2F20095320%2Fvymenovaci-dekret-zapisovatela.pdf&hl=hu&embedded=true\" class=\"gde-frame\" style=\"width:100%; height:600px; border: none;\" scrolling=\"no\"><\/iframe>\n<p>V\u00fdsledky volieb do\u00a0Eur\u00f3pskeho parlamentu:<\/p>\n<p class=\"gde-text\"><a href=\"https:\/\/s3-eu-central-1.amazonaws.com\/wp-debrad\/wp-content\/uploads\/2024\/02\/12220016\/vysledky_volieb-Debrad.pdf\" class=\"gde-link\">Download (PDF, 727KB)<\/a><\/p>\n<iframe src=\"\/\/docs.google.com\/viewer?url=https%3A%2F%2Fs3-eu-central-1.amazonaws.com%2Fwp-debrad%2Fwp-content%2Fuploads%2F2024%2F02%2F12220016%2Fvysledky_volieb-Debrad.pdf&hl=hu&embedded=true\" class=\"gde-frame\" style=\"width:100%; height:600px; border: none;\" scrolling=\"no\"><\/iframe>\n","protected":false},"excerpt":{"rendered":"<p>Predseda N\u00e1rodnej rady Slovenskej republiky rozhodnut\u00edm \u010d. 12\/2024 Z. z. vyhl\u00e1sil vo\u013eby do Eur\u00f3pskeho parlamentu a ur\u010dil de\u0148 ich konania na\u00a0sobotu 8. j\u00fana 2024 vo\u013eby sa konaj\u00fa od 07.00 h do 22.00 h Vyhl\u00e1sen\u00ed volieb do Eur\u00f3pskeho parlamentu: Utvorenie volebn\u00fdch okrskov a ur\u010denie volebn\u00fdch miestnost\u00edv obci DEBRA\u010e: Vymenovac\u00ed dekr\u00e9t: V\u00fdsledky volieb do\u00a0Eur\u00f3pskeho parlamentu:<\/p>\n","protected":false},"author":294,"featured_media":25042,"comment_status":"open","ping_status":"open","sticky":false,"template":"","format":"standard","meta":{"footnotes":""},"categories":[69,3],"tags":[],"acf":[],"_links":{"self":[{"href":"https:\/\/debrad.sk\/en\/wp-json\/wp\/v2\/posts\/25045"}],"collection":[{"href":"https:\/\/debrad.sk\/en\/wp-json\/wp\/v2\/posts"}],"about":[{"href":"https:\/\/debrad.sk\/en\/wp-json\/wp\/v2\/types\/post"}],"author":[{"embeddable":true,"href":"https:\/\/debrad.sk\/en\/wp-json\/wp\/v2\/users\/294"}],"replies":[{"embeddable":true,"href":"https:\/\/debrad.sk\/en\/wp-json\/wp\/v2\/comments?post=25045"}],"version-history":[{"count":4,"href":"https:\/\/debrad.sk\/en\/wp-json\/wp\/v2\/posts\/25045\/revisions"}],"predecessor-version":[{"id":25438,"href":"https:\/\/debrad.sk\/en\/wp-json\/wp\/v2\/posts\/25045\/revisions\/25438"}],"wp:featuredmedia":[{"embeddable":true,"href":"https:\/\/debrad.sk\/en\/wp-json\/wp\/v2\/media\/25042"}],"wp:attachment":[{"href":"https:\/\/debrad.sk\/en\/wp-json\/wp\/v2\/media?parent=25045"}],"wp:term":[{"taxonomy":"category","embeddable":true,"href":"https:\/\/debrad.sk\/en\/wp-json\/wp\/v2\/categories?post=25045"},{"taxonomy":"post_tag","embeddable":true,"href":"https:\/\/debrad.sk\/en\/wp-json\/wp\/v2\/tags?post=25045"}],"curies":[{"name":"wp","href":"https:\/\/api.w.org\/{rel}","templated":true}]}}