{"id":23716,"date":"2021-06-13T20:12:45","date_gmt":"2021-06-13T18:12:45","guid":{"rendered":"http:\/\/debrad.sk\/?p=23716"},"modified":"2021-06-13T20:12:45","modified_gmt":"2021-06-13T18:12:45","slug":"p-mobil-es-karmen-pal-balaz-koncert","status":"publish","type":"post","link":"https:\/\/debrad.sk\/hu\/2021\/06\/13\/p-mobil-es-karmen-pal-balaz-koncert\/","title":{"rendered":"P. Mobil \u00e9s Karmen P\u00e1l-Bal\u00e1\u017e koncert"},"content":{"rendered":"<p><a href=\"http:\/\/s3-eu-central-1.amazonaws.com\/wp-debrad\/wp-content\/uploads\/2021\/06\/06194440\/p-mobil-bbs-PRINT.jpg\"><img loading=\"lazy\" decoding=\"async\" class=\"aligncenter wp-image-23712 size-large\" src=\"http:\/\/s3-eu-central-1.amazonaws.com\/wp-debrad\/wp-content\/uploads\/2021\/06\/06194440\/p-mobil-bbs-PRINT-1024x482.jpg\" alt=\"\" width=\"960\" height=\"452\" srcset=\"https:\/\/s3-eu-central-1.amazonaws.com\/wp-debrad\/wp-content\/uploads\/2021\/06\/06194440\/p-mobil-bbs-PRINT-1024x482.jpg 1024w, https:\/\/s3-eu-central-1.amazonaws.com\/wp-debrad\/wp-content\/uploads\/2021\/06\/06194440\/p-mobil-bbs-PRINT-300x141.jpg 300w, https:\/\/s3-eu-central-1.amazonaws.com\/wp-debrad\/wp-content\/uploads\/2021\/06\/06194440\/p-mobil-bbs-PRINT-768x361.jpg 768w\" sizes=\"(max-width: 960px) 100vw, 960px\" \/><\/a><\/p>\n<p><strong>P. Mobil<\/strong><br \/>\n<strong>Karmen P\u00e1l-Bal\u00e1\u017e koncert<\/strong><br \/>\n2021. 06. 26<br \/>\nDebr\u0151d \/ Debra\u010f<br \/>\nFutbalov\u00e9 ihrisko \/ Futballp\u00e1lya<\/p>\n<p>18:00 Kapunyit\u00e1s \/ Otvorenie br\u00e1ny<\/p>\n<p><strong>Jegyel\u0151v\u00e9tel \/ Predpredaj vstupeniek<\/strong>: 10 \u20ac<br \/>\n(Od 15. 06. 2021 \/ 2021. 06. 15-t\u0151l)<br \/>\nA\u00a0helysz\u00ednen \/ Na mieste: 12 \u20ac<br \/>\nGyerekeknek 12 \u00e9ves korig ingyenes<br \/>\nBezplatne pre deti do 12 r.<\/p>\n<p>Obecn\u00fd \u00farad Debra\u010f \/ K\u00f6zs\u00e9gi hivatal \u2013 Debr\u0151d<br \/>\n045 01 Debra\u010f 147<br \/>\nTel.: 055\/\u00a0466 4426<\/p>\n<p>Farm Shop<br \/>\nHviezdoslavova 11.<br \/>\n045 01 Moldava nad Bodvou<\/p>\n<p>Rov\u00e1s<br \/>\nAl\u017ebetina 42<br \/>\n040 01 Ko\u0161ice<\/p>\n","protected":false},"excerpt":{"rendered":"<p>P. Mobil Karmen P\u00e1l-Bal\u00e1\u017e koncert 2021. 06. 26 Debr\u0151d \/ Debra\u010f Futbalov\u00e9 ihrisko \/ Futballp\u00e1lya 18:00 Kapunyit\u00e1s \/ Otvorenie br\u00e1ny Jegyel\u0151v\u00e9tel \/ Predpredaj vstupeniek: 10 \u20ac (Od 15. 06. 2021 \/ 2021. 06. 15-t\u0151l) A\u00a0helysz\u00ednen \/ Na mieste: 12 \u20ac Gyerekeknek 12 \u00e9ves korig ingyenes Bezplatne pre deti do 12 r. Obecn\u00fd \u00farad Debra\u010f \/ K\u00f6zs\u00e9gi hivatal \u2013 Debr\u0151d 045 01 Debra\u010f 147 Tel.: 055\/\u00a0466 4426 Farm Shop Hviezdoslavova 11. 045 01 Moldava nad Bodvou Rov\u00e1s Al\u017ebetina 42 040 01 Ko\u0161ice<\/p>\n","protected":false},"author":294,"featured_media":23712,"comment_status":"open","ping_status":"open","sticky":false,"template":"","format":"standard","meta":{"footnotes":""},"categories":[68],"tags":[],"acf":[],"_links":{"self":[{"href":"https:\/\/debrad.sk\/hu\/wp-json\/wp\/v2\/posts\/23716"}],"collection":[{"href":"https:\/\/debrad.sk\/hu\/wp-json\/wp\/v2\/posts"}],"about":[{"href":"https:\/\/debrad.sk\/hu\/wp-json\/wp\/v2\/types\/post"}],"author":[{"embeddable":true,"href":"https:\/\/debrad.sk\/hu\/wp-json\/wp\/v2\/users\/294"}],"replies":[{"embeddable":true,"href":"https:\/\/debrad.sk\/hu\/wp-json\/wp\/v2\/comments?post=23716"}],"version-history":[{"count":1,"href":"https:\/\/debrad.sk\/hu\/wp-json\/wp\/v2\/posts\/23716\/revisions"}],"predecessor-version":[{"id":23717,"href":"https:\/\/debrad.sk\/hu\/wp-json\/wp\/v2\/posts\/23716\/revisions\/23717"}],"wp:featuredmedia":[{"embeddable":true,"href":"https:\/\/debrad.sk\/hu\/wp-json\/wp\/v2\/media\/23712"}],"wp:attachment":[{"href":"https:\/\/debrad.sk\/hu\/wp-json\/wp\/v2\/media?parent=23716"}],"wp:term":[{"taxonomy":"category","embeddable":true,"href":"https:\/\/debrad.sk\/hu\/wp-json\/wp\/v2\/categories?post=23716"},{"taxonomy":"post_tag","embeddable":true,"href":"https:\/\/debrad.sk\/hu\/wp-json\/wp\/v2\/tags?post=23716"}],"curies":[{"name":"wp","href":"https:\/\/api.w.org\/{rel}","templated":true}]}}