{"id":24828,"date":"2023-06-13T20:47:12","date_gmt":"2023-06-13T18:47:12","guid":{"rendered":"https:\/\/debrad.sk\/?p=24828"},"modified":"2023-06-23T12:36:53","modified_gmt":"2023-06-23T10:36:53","slug":"valasztasok-a-szlovak-koztarsasag-nemzeti-tanacsaba-2023-ban","status":"publish","type":"post","link":"https:\/\/debrad.sk\/hu\/2023\/06\/13\/valasztasok-a-szlovak-koztarsasag-nemzeti-tanacsaba-2023-ban\/","title":{"rendered":"V\u00e1laszt\u00e1sok a Szlov\u00e1k K\u00f6zt\u00e1rsas\u00e1g Nemzeti Tan\u00e1cs\u00e1ba 2023-ban"},"content":{"rendered":"<p style=\"text-align: center;\">Predseda N\u00e1rodnej rady Slovenskej republiky rozhodnut\u00edm \u010d. 204\/2023 Z. z. vyhl\u00e1sil<br \/>\n<strong>vo\u013eby do N\u00e1rodnej rady Slovenskej republiky<\/strong><strong><br \/>\n<\/strong>a ur\u010dil de\u0148 ich konania<\/p>\n<p style=\"text-align: center;\">na <strong>sobotu 30. septembra 2023<\/strong><\/p>\n<p style=\"text-align: center;\">vo\u013eby sa konaj\u00fa od 07.00 h do 22.00 h<\/p>\n<p>&nbsp;<\/p>\n<p><a class=\"file\" title=\"S\u00fabor na\u00a0stiahnutie: volby23-zakl-info-SK.pdf, Typ: Adobe Portable Document Format, Velkos\u0165: 228.05 kB\" href=\"https:\/\/s3-eu-central-1.amazonaws.com\/wp-debrad\/wp-content\/uploads\/2023\/06\/13202849\/volby23-zakl-info-SK.pdf\" target=\"_blank\" rel=\"noopener\">Z\u00e1kladn\u00e9 inform\u00e1cie v\u00a0slovenskom jazyku<\/a><\/p>\n<p class=\"gde-text\"><a href=\"https:\/\/s3-eu-central-1.amazonaws.com\/wp-debrad\/wp-content\/uploads\/2023\/06\/13202849\/volby23-zakl-info-SK.pdf\" class=\"gde-link\">Download (PDF, 228KB)<\/a><\/p>\n<iframe src=\"\/\/docs.google.com\/viewer?url=https%3A%2F%2Fs3-eu-central-1.amazonaws.com%2Fwp-debrad%2Fwp-content%2Fuploads%2F2023%2F06%2F13202849%2Fvolby23-zakl-info-SK.pdf&hl=hu&embedded=true\" class=\"gde-frame\" style=\"width:100%; height:600px; border: none;\" scrolling=\"no\"><\/iframe>\n<p><a class=\"file\" title=\"S\u00fabor na\u00a0stiahnutie: volby23-zakl-info-HU.pdf, Typ: Adobe Portable Document Format, Velkos\u0165: 228.18 kB\" href=\"https:\/\/s3-eu-central-1.amazonaws.com\/wp-debrad\/wp-content\/uploads\/2023\/06\/13202843\/volby23-zakl-info-HU.pdf\" target=\"_blank\" rel=\"noopener\">Z\u00e1kladn\u00e9 inform\u00e1cie v\u00a0ma\u010farskom jazyku<\/a><\/p>\n<p class=\"gde-text\"><a href=\"https:\/\/s3-eu-central-1.amazonaws.com\/wp-debrad\/wp-content\/uploads\/2023\/06\/13202843\/volby23-zakl-info-HU.pdf\" class=\"gde-link\">Download (PDF, 228KB)<\/a><\/p>\n<iframe src=\"\/\/docs.google.com\/viewer?url=https%3A%2F%2Fs3-eu-central-1.amazonaws.com%2Fwp-debrad%2Fwp-content%2Fuploads%2F2023%2F06%2F13202843%2Fvolby23-zakl-info-HU.pdf&hl=hu&embedded=true\" class=\"gde-frame\" style=\"width:100%; height:600px; border: none;\" scrolling=\"no\"><\/iframe>\n<p>&nbsp;<\/p>\n<p><a class=\"file\" title=\"S\u00fabor na\u00a0stiahnutie: info-pre-volica-SK.pdf, Typ: Adobe Portable Document Format, Velkos\u0165: 131.61 kB\" href=\"https:\/\/s3-eu-central-1.amazonaws.com\/wp-debrad\/wp-content\/uploads\/2023\/06\/13202838\/info-pre-volica-SK.pdf\" target=\"_blank\" rel=\"noopener\">Inform\u00e1cia pre voli\u010da v\u00a0slovenskom jazyku<\/a><\/p>\n<p class=\"gde-text\"><a href=\"https:\/\/s3-eu-central-1.amazonaws.com\/wp-debrad\/wp-content\/uploads\/2023\/06\/13202838\/info-pre-volica-SK.pdf\" class=\"gde-link\">Download (PDF, 132KB)<\/a><\/p>\n<iframe src=\"\/\/docs.google.com\/viewer?url=https%3A%2F%2Fs3-eu-central-1.amazonaws.com%2Fwp-debrad%2Fwp-content%2Fuploads%2F2023%2F06%2F13202838%2Finfo-pre-volica-SK.pdf&hl=hu&embedded=true\" class=\"gde-frame\" style=\"width:100%; height:600px; border: none;\" scrolling=\"no\"><\/iframe>\n<p><a class=\"file\" title=\"S\u00fabor na\u00a0stiahnutie: info-pre-volica-HU.pdf, Typ: Adobe Portable Document Format, Velkos\u0165: 129.88 kB\" href=\"https:\/\/s3-eu-central-1.amazonaws.com\/wp-debrad\/wp-content\/uploads\/2023\/06\/13202830\/info-pre-volica-HU.pdf\" target=\"_blank\" rel=\"noopener\">Inform\u00e1cia pre voli\u010da v ma\u010farskom jazyku<\/a><\/p>\n<p class=\"gde-text\"><a href=\"https:\/\/s3-eu-central-1.amazonaws.com\/wp-debrad\/wp-content\/uploads\/2023\/06\/13202830\/info-pre-volica-HU.pdf\" class=\"gde-link\">Download (PDF, 130KB)<\/a><\/p>\n<iframe src=\"\/\/docs.google.com\/viewer?url=https%3A%2F%2Fs3-eu-central-1.amazonaws.com%2Fwp-debrad%2Fwp-content%2Fuploads%2F2023%2F06%2F13202830%2Finfo-pre-volica-HU.pdf&hl=hu&embedded=true\" class=\"gde-frame\" style=\"width:100%; height:600px; border: none;\" scrolling=\"no\"><\/iframe>\n<p><a href=\"https:\/\/s3-eu-central-1.amazonaws.com\/wp-debrad\/wp-content\/uploads\/2023\/06\/23123346\/Vymenovaci-dekret-zapisovatel.pdf\">Vymenovac\u00ed dekr\u00e9t<\/a><\/p>\n<p class=\"gde-text\"><a href=\"https:\/\/s3-eu-central-1.amazonaws.com\/wp-debrad\/wp-content\/uploads\/2023\/06\/23123346\/Vymenovaci-dekret-zapisovatel.pdf\" class=\"gde-link\">Download (PDF, 194KB)<\/a><\/p>\n<iframe src=\"\/\/docs.google.com\/viewer?url=https%3A%2F%2Fs3-eu-central-1.amazonaws.com%2Fwp-debrad%2Fwp-content%2Fuploads%2F2023%2F06%2F23123346%2FVymenovaci-dekret-zapisovatel.pdf&hl=hu&embedded=true\" class=\"gde-frame\" style=\"width:100%; height:600px; border: none;\" scrolling=\"no\"><\/iframe>\n<p><a href=\"https:\/\/s3-eu-central-1.amazonaws.com\/wp-debrad\/wp-content\/uploads\/2023\/06\/23123526\/Utvorenie-volebnych-okrskov-a-urcenie-volebnych-miestnosti.pdf\">Utvorenie volebn\u00fdch okrskov a ur\u010denie volebn\u00fdch miestnost\u00ed v obci DEBRA\u010e<\/a><\/p>\n<p class=\"gde-text\"><a href=\"https:\/\/s3-eu-central-1.amazonaws.com\/wp-debrad\/wp-content\/uploads\/2023\/06\/23123526\/Utvorenie-volebnych-okrskov-a-urcenie-volebnych-miestnosti.pdf\" class=\"gde-link\">Download (PDF, 360KB)<\/a><\/p>\n<iframe src=\"\/\/docs.google.com\/viewer?url=https%3A%2F%2Fs3-eu-central-1.amazonaws.com%2Fwp-debrad%2Fwp-content%2Fuploads%2F2023%2F06%2F23123526%2FUtvorenie-volebnych-okrskov-a-urcenie-volebnych-miestnosti.pdf&hl=hu&embedded=true\" class=\"gde-frame\" style=\"width:100%; height:600px; border: none;\" scrolling=\"no\"><\/iframe>\n","protected":false},"excerpt":{"rendered":"<p>Predseda N\u00e1rodnej rady Slovenskej republiky rozhodnut\u00edm \u010d. 204\/2023 Z. z. vyhl\u00e1sil vo\u013eby do N\u00e1rodnej rady Slovenskej republiky a ur\u010dil de\u0148 ich konania na sobotu 30. septembra 2023 vo\u013eby sa konaj\u00fa od 07.00 h do 22.00 h &nbsp; Z\u00e1kladn\u00e9 inform\u00e1cie v\u00a0slovenskom jazyku Z\u00e1kladn\u00e9 inform\u00e1cie v\u00a0ma\u010farskom jazyku &nbsp; Inform\u00e1cia pre voli\u010da v\u00a0slovenskom jazyku Inform\u00e1cia pre voli\u010da v ma\u010farskom jazyku Vymenovac\u00ed dekr\u00e9t Utvorenie volebn\u00fdch okrskov a ur\u010denie volebn\u00fdch miestnost\u00ed v obci DEBRA\u010e<\/p>\n","protected":false},"author":294,"featured_media":24824,"comment_status":"open","ping_status":"open","sticky":false,"template":"","format":"standard","meta":{"footnotes":""},"categories":[82,68],"tags":[],"acf":[],"_links":{"self":[{"href":"https:\/\/debrad.sk\/hu\/wp-json\/wp\/v2\/posts\/24828"}],"collection":[{"href":"https:\/\/debrad.sk\/hu\/wp-json\/wp\/v2\/posts"}],"about":[{"href":"https:\/\/debrad.sk\/hu\/wp-json\/wp\/v2\/types\/post"}],"author":[{"embeddable":true,"href":"https:\/\/debrad.sk\/hu\/wp-json\/wp\/v2\/users\/294"}],"replies":[{"embeddable":true,"href":"https:\/\/debrad.sk\/hu\/wp-json\/wp\/v2\/comments?post=24828"}],"version-history":[{"count":2,"href":"https:\/\/debrad.sk\/hu\/wp-json\/wp\/v2\/posts\/24828\/revisions"}],"predecessor-version":[{"id":24856,"href":"https:\/\/debrad.sk\/hu\/wp-json\/wp\/v2\/posts\/24828\/revisions\/24856"}],"wp:featuredmedia":[{"embeddable":true,"href":"https:\/\/debrad.sk\/hu\/wp-json\/wp\/v2\/media\/24824"}],"wp:attachment":[{"href":"https:\/\/debrad.sk\/hu\/wp-json\/wp\/v2\/media?parent=24828"}],"wp:term":[{"taxonomy":"category","embeddable":true,"href":"https:\/\/debrad.sk\/hu\/wp-json\/wp\/v2\/categories?post=24828"},{"taxonomy":"post_tag","embeddable":true,"href":"https:\/\/debrad.sk\/hu\/wp-json\/wp\/v2\/tags?post=24828"}],"curies":[{"name":"wp","href":"https:\/\/api.w.org\/{rel}","templated":true}]}}